{"id":78,"date":"2020-05-26T18:00:42","date_gmt":"2020-05-26T16:00:42","guid":{"rendered":"http:\/\/demo.loftocean.com\/dearanata\/?p=78"},"modified":"2023-05-16T21:57:29","modified_gmt":"2023-05-16T19:57:29","slug":"szkolenia-jezykowa-dla-firm","status":"publish","type":"post","link":"https:\/\/a-k-g.pl\/index.php\/2020\/05\/26\/szkolenia-jezykowa-dla-firm\/","title":{"rendered":"Szkolenia j\u0119zykowe <div class=\"tytul_inter_light\">dla firm<\/div>"},"content":{"rendered":"\n<p class=\"dropcap dropcap-colorful\">Zapraszam do skorzystania z kompleksowych rozwi\u0105za\u0144 w zakresie firmowych szkole\u0144 j\u0119zykowych, w sk\u0142ad kt\u00f3rych wchodz\u0105:\n<\/p><br>\n\n<ul>\n<li>audyt j\u0119zykowy, kt\u00f3ry skutecznie zmierzy poziom znajomo\u015bci j\u0119zyka w\u015br\u00f3d pracownik\u00f3w i wska\u017ce obszary do pracy<\/li>\n<li>analiza potrzeb z punktu widzenia organizacji oraz pracownik\u00f3w na poszczeg\u00f3lnych stanowiskach<\/li>\n<li>organizacja zaj\u0119\u0107 j\u0119zykowych \u2013 utworzenie grup oraz kurs\u00f3w indywidualnych w oparciu o wyniki audytu oraz analizy potrzeb, stworzenie odr\u0119bnych program\u00f3w pracy dla ka\u017cdego kursu, pe\u0142na wsp\u00f3\u0142praca w obr\u0119bie technicznych aspekt\u00f3w szkole\u0144<\/li>\n<li>prowadzenie szkole\u0144, ci\u0105g\u0142e monitorowanie post\u0119p\u00f3w ich uczestnik\u00f3w, wsparcie i rozwiazywanie bie\u017c\u0105cych problem\u00f3w,<\/li>\n<li>bliska wsp\u00f3\u0142praca z dzia\u0142em HR,<\/li>\n<li>szczeg\u00f3\u0142owy raport po zako\u0144czeniu szkolenia, raporty w trakcie trwania kurs\u00f3w na \u017cyczenie Klienta.<\/li>\n<li>wskazania do dalszej pracy, profesjonalne wsparcie przy tworzeniu i doskonaleniu strategii szkole\u0144 j\u0119zykowych.<\/li>\n<li>zaj\u0119cia prowadzone s\u0105 w siedzibie firmy i\/lub online, co umo\u017cliwia szkolenie pracownik\u00f3w ze wszystkich lokalizacji pod okiem jednego specjalisty przy u\u017cyciu tych samych metod oraz narz\u0119dzi pomiaru skuteczno\u015bci szkolenia i przyrostu wiedzy kursant\u00f3w.<\/li>\n<li>praca metod\u0105 coachingu neuroj\u0119zykowego\u00ae, co gwarantuje dostosowanie tre\u015bci szkoleniowych maksymalnie do indywidualnych potrzeb kursant\u00f3w, a tym samym prowadzi do szybkiego osi\u0105gania wymiernych efekt\u00f3w pracy nad rozwojem j\u0119zykowym.<\/li>\n<li>praca z materia\u0142ami przekazanymi przez kursant\u00f3w, je\u015bli nie ma do tego przeciwwskaza\u0144 (z przyjemno\u015bci\u0105 podpisuj\u0119 NDA na \u017cyczenie Klienta).<\/li>\n<li>kursy j\u0119zyka angielskiego oraz j\u0119zyka polskiego jako obcego.<\/li>\n<\/ul>\n<p>Ceny ustalane s\u0105 indywidualnie dla danego kontraktu, zapraszam wi\u0119c do om\u00f3wienia szczeg\u00f3\u0142\u00f3w podczas spotkania.<\/p>\n<div class=\"wp-block-button\" style=\"text-align: center;\">\n<p><!-- Calendly link widget begin -->\n<link href=\"https:\/\/assets.calendly.com\/assets\/external\/widget.css\" rel=\"stylesheet\">\n<script src=\"https:\/\/assets.calendly.com\/assets\/external\/widget.js\" type=\"text\/javascript\"><\/script><br>\n<a class=\"wp-block-button__link\" href=\"\" onclick=\"Calendly.initPopupWidget({url: 'https:\/\/calendly.com\/kalkandzisgutteridge\/spotkanie-online?hide_gdpr_banner=1'});return false;\">UM\u00d3W SPOTKANIE ONLINE<\/a><br>\n<!-- Calendly link widget end --><\/p>\n<\/div>\n","protected":false},"excerpt":{"rendered":"<p>audyt j\u0119zykowy, kt\u00f3ry skutecznie zmierzy poziom znajomo\u015bci j\u0119zyka w\u015br\u00f3d pracownik\u00f3w i wska\u017ce obszary do pracy analiza potrzeb z punktu widzenia organizacji oraz pracownik\u00f3w na poszczeg\u00f3lnych stanowiskach organizacja zaj\u0119\u0107 j\u0119zykowych \u2013 utworzenie grup oraz kurs\u00f3w indywidualnych w oparciu o wyniki audytu oraz analizy potrzeb, stworzenie odr\u0119bnych program\u00f3w pracy dla ka\u017cdego kursu, &#8230;<\/p>\n","protected":false},"author":1,"featured_media":1630,"comment_status":"closed","ping_status":"closed","sticky":false,"template":"","format":"standard","meta":{"loftocean_post_format_gallery":"","loftocean_post_format_gallery_ids":"","loftocean_post_format_gallery_urls":"","loftocean_post_format_video_id":"","loftocean_post_format_video_url":"","loftocean_post_format_video_type":"","loftocean_post_format_video":"","loftocean_post_format_audio_type":"","loftocean_post_format_audio_url":"","loftocean_post_format_audio_id":"","loftocean_post_format_audio":"","loftocean-featured-post":"on","loftocean-like-count":53,"loftocean-view-count":2605,"loftocean-enable-content-navigation":"","loftocean-content-navigation-position":"top","loftocean-content-navigation-heading":"h3","loftocean-content-navigation-label":"[\"When to visit\",\"Where to eat\",\"Comfortable Hotels\",\"Bars and Cafes\",\"Transport Tips\"]","loftocean-content-navigation-icon":"[\"ios-sunny\",\"ios-restaurant\",\"md-bed\",\"ios-wine\",\"ios-walk\"]","loftocean-map-location":"","loftocean-map-latlng":"","loftocean-map-auto-latlng":"","eaven_single_post_hide_thumbnail":"","eaven_single_post_template":"full-image-background","eaven_single_post_sidebar":"no-sidebar","eaven_hide_before_page_content_ad":"","eaven_hide_after_page_content_ad":""},"categories":[43],"tags":[48],"yoast_head":"<!-- This site is optimized with the Yoast SEO plugin v20.13 - https:\/\/yoast.com\/wordpress\/plugins\/seo\/ -->\n<title>Szkolenia j\u0119zykowe dla firm - Anna Kalkandzis-Gutteridge<\/title>\n<meta name=\"robots\" content=\"index, follow, max-snippet:-1, max-image-preview:large, max-video-preview:-1\" \/>\n<link rel=\"canonical\" href=\"https:\/\/a-k-g.pl\/index.php\/2020\/05\/26\/szkolenia-jezykowa-dla-firm\/\" \/>\n<meta property=\"og:locale\" content=\"pl_PL\" \/>\n<meta property=\"og:type\" content=\"article\" \/>\n<meta property=\"og:title\" content=\"Szkolenia j\u0119zykowe dla firm - Anna Kalkandzis-Gutteridge\" \/>\n<meta property=\"og:description\" content=\"audyt j\u0119zykowy, kt\u00f3ry skutecznie zmierzy poziom znajomo\u015bci j\u0119zyka w\u015br\u00f3d pracownik\u00f3w i wska\u017ce obszary do pracy analiza potrzeb z punktu widzenia organizacji oraz pracownik\u00f3w na poszczeg\u00f3lnych stanowiskach organizacja zaj\u0119\u0107 j\u0119zykowych \u2013 utworzenie grup oraz kurs\u00f3w indywidualnych w oparciu o wyniki audytu oraz analizy potrzeb, stworzenie odr\u0119bnych program\u00f3w pracy dla ka\u017cdego kursu, ...\" \/>\n<meta property=\"og:url\" content=\"https:\/\/a-k-g.pl\/index.php\/2020\/05\/26\/szkolenia-jezykowa-dla-firm\/\" \/>\n<meta property=\"og:site_name\" content=\"Anna Kalkandzis-Gutteridge\" \/>\n<meta property=\"article:published_time\" content=\"2020-05-26T16:00:42+00:00\" \/>\n<meta property=\"article:modified_time\" content=\"2023-05-16T19:57:29+00:00\" \/>\n<meta property=\"og:image\" content=\"https:\/\/a-k-g.pl\/wp-content\/uploads\/2020\/05\/Szkolenia_jezykowe_dla_firm_scaled-scaled.jpg\" \/>\n\t<meta property=\"og:image:width\" content=\"1920\" \/>\n\t<meta property=\"og:image:height\" content=\"771\" \/>\n\t<meta property=\"og:image:type\" content=\"image\/jpeg\" \/>\n<meta name=\"author\" content=\"admin\" \/>\n<meta name=\"twitter:card\" content=\"summary_large_image\" \/>\n<meta name=\"twitter:label1\" content=\"Napisane przez\" \/>\n\t<meta name=\"twitter:data1\" content=\"admin\" \/>\n\t<meta name=\"twitter:label2\" content=\"Szacowany czas czytania\" \/>\n\t<meta name=\"twitter:data2\" content=\"2 minuty\" \/>\n<script type=\"application\/ld+json\" class=\"yoast-schema-graph\">{\"@context\":\"https:\/\/schema.org\",\"@graph\":[{\"@type\":\"Article\",\"@id\":\"https:\/\/a-k-g.pl\/index.php\/2020\/05\/26\/szkolenia-jezykowa-dla-firm\/#article\",\"isPartOf\":{\"@id\":\"https:\/\/a-k-g.pl\/index.php\/2020\/05\/26\/szkolenia-jezykowa-dla-firm\/\"},\"author\":{\"name\":\"admin\",\"@id\":\"https:\/\/a-k-g.pl\/#\/schema\/person\/1e3d131b96329905be280fbadead938a\"},\"headline\":\"Szkolenia j\u0119zykowe dla firm\",\"datePublished\":\"2020-05-26T16:00:42+00:00\",\"dateModified\":\"2023-05-16T19:57:29+00:00\",\"mainEntityOfPage\":{\"@id\":\"https:\/\/a-k-g.pl\/index.php\/2020\/05\/26\/szkolenia-jezykowa-dla-firm\/\"},\"wordCount\":293,\"publisher\":{\"@id\":\"https:\/\/a-k-g.pl\/#organization\"},\"keywords\":[\"Szkolenia j\u0119zykowe dla firm\"],\"articleSection\":[\"Posty na glowna\"],\"inLanguage\":\"pl-PL\"},{\"@type\":\"WebPage\",\"@id\":\"https:\/\/a-k-g.pl\/index.php\/2020\/05\/26\/szkolenia-jezykowa-dla-firm\/\",\"url\":\"https:\/\/a-k-g.pl\/index.php\/2020\/05\/26\/szkolenia-jezykowa-dla-firm\/\",\"name\":\"Szkolenia j\u0119zykowe dla firm - Anna Kalkandzis-Gutteridge\",\"isPartOf\":{\"@id\":\"https:\/\/a-k-g.pl\/#website\"},\"datePublished\":\"2020-05-26T16:00:42+00:00\",\"dateModified\":\"2023-05-16T19:57:29+00:00\",\"breadcrumb\":{\"@id\":\"https:\/\/a-k-g.pl\/index.php\/2020\/05\/26\/szkolenia-jezykowa-dla-firm\/#breadcrumb\"},\"inLanguage\":\"pl-PL\",\"potentialAction\":[{\"@type\":\"ReadAction\",\"target\":[\"https:\/\/a-k-g.pl\/index.php\/2020\/05\/26\/szkolenia-jezykowa-dla-firm\/\"]}]},{\"@type\":\"BreadcrumbList\",\"@id\":\"https:\/\/a-k-g.pl\/index.php\/2020\/05\/26\/szkolenia-jezykowa-dla-firm\/#breadcrumb\",\"itemListElement\":[{\"@type\":\"ListItem\",\"position\":1,\"name\":\"Home\",\"item\":\"https:\/\/a-k-g.pl\/\"},{\"@type\":\"ListItem\",\"position\":2,\"name\":\"Szkolenia j\u0119zykowe dla firm\"}]},{\"@type\":\"WebSite\",\"@id\":\"https:\/\/a-k-g.pl\/#website\",\"url\":\"https:\/\/a-k-g.pl\/\",\"name\":\"Anna Kalkandzis-Gutteridge\",\"description\":\"Neurolanguage Coach&reg;\",\"publisher\":{\"@id\":\"https:\/\/a-k-g.pl\/#organization\"},\"potentialAction\":[{\"@type\":\"SearchAction\",\"target\":{\"@type\":\"EntryPoint\",\"urlTemplate\":\"https:\/\/a-k-g.pl\/?s={search_term_string}\"},\"query-input\":\"required name=search_term_string\"}],\"inLanguage\":\"pl-PL\"},{\"@type\":\"Organization\",\"@id\":\"https:\/\/a-k-g.pl\/#organization\",\"name\":\"Anna Kalkandzis-Gutteridge\",\"url\":\"https:\/\/a-k-g.pl\/\",\"logo\":{\"@type\":\"ImageObject\",\"inLanguage\":\"pl-PL\",\"@id\":\"https:\/\/a-k-g.pl\/#\/schema\/logo\/image\/\",\"url\":\"https:\/\/i0.wp.com\/a-k-g.pl\/wp-content\/uploads\/2020\/09\/AKG-gold_logotype-www_neurolanguage.png?fit=1870%2C365&ssl=1\",\"contentUrl\":\"https:\/\/i0.wp.com\/a-k-g.pl\/wp-content\/uploads\/2020\/09\/AKG-gold_logotype-www_neurolanguage.png?fit=1870%2C365&ssl=1\",\"width\":1870,\"height\":365,\"caption\":\"Anna Kalkandzis-Gutteridge\"},\"image\":{\"@id\":\"https:\/\/a-k-g.pl\/#\/schema\/logo\/image\/\"}},{\"@type\":\"Person\",\"@id\":\"https:\/\/a-k-g.pl\/#\/schema\/person\/1e3d131b96329905be280fbadead938a\",\"name\":\"admin\",\"image\":{\"@type\":\"ImageObject\",\"inLanguage\":\"pl-PL\",\"@id\":\"https:\/\/a-k-g.pl\/#\/schema\/person\/image\/\",\"url\":\"https:\/\/secure.gravatar.com\/avatar\/5310725aca31b2a426ef5dd06e76db9e?s=96&d=mm&r=g\",\"contentUrl\":\"https:\/\/secure.gravatar.com\/avatar\/5310725aca31b2a426ef5dd06e76db9e?s=96&d=mm&r=g\",\"caption\":\"admin\"},\"url\":\"https:\/\/a-k-g.pl\/index.php\/author\/admin7280\/\"}]}<\/script>\n<!-- \/ Yoast SEO plugin. -->","yoast_head_json":{"title":"Szkolenia j\u0119zykowe dla firm - Anna Kalkandzis-Gutteridge","robots":{"index":"index","follow":"follow","max-snippet":"max-snippet:-1","max-image-preview":"max-image-preview:large","max-video-preview":"max-video-preview:-1"},"canonical":"https:\/\/a-k-g.pl\/index.php\/2020\/05\/26\/szkolenia-jezykowa-dla-firm\/","og_locale":"pl_PL","og_type":"article","og_title":"Szkolenia j\u0119zykowe dla firm - Anna Kalkandzis-Gutteridge","og_description":"audyt j\u0119zykowy, kt\u00f3ry skutecznie zmierzy poziom znajomo\u015bci j\u0119zyka w\u015br\u00f3d pracownik\u00f3w i wska\u017ce obszary do pracy analiza potrzeb z punktu widzenia organizacji oraz pracownik\u00f3w na poszczeg\u00f3lnych stanowiskach organizacja zaj\u0119\u0107 j\u0119zykowych \u2013 utworzenie grup oraz kurs\u00f3w indywidualnych w oparciu o wyniki audytu oraz analizy potrzeb, stworzenie odr\u0119bnych program\u00f3w pracy dla ka\u017cdego kursu, ...","og_url":"https:\/\/a-k-g.pl\/index.php\/2020\/05\/26\/szkolenia-jezykowa-dla-firm\/","og_site_name":"Anna Kalkandzis-Gutteridge","article_published_time":"2020-05-26T16:00:42+00:00","article_modified_time":"2023-05-16T19:57:29+00:00","og_image":[{"width":1920,"height":771,"url":"https:\/\/a-k-g.pl\/wp-content\/uploads\/2020\/05\/Szkolenia_jezykowe_dla_firm_scaled-scaled.jpg","type":"image\/jpeg"}],"author":"admin","twitter_card":"summary_large_image","twitter_misc":{"Napisane przez":"admin","Szacowany czas czytania":"2 minuty"},"schema":{"@context":"https:\/\/schema.org","@graph":[{"@type":"Article","@id":"https:\/\/a-k-g.pl\/index.php\/2020\/05\/26\/szkolenia-jezykowa-dla-firm\/#article","isPartOf":{"@id":"https:\/\/a-k-g.pl\/index.php\/2020\/05\/26\/szkolenia-jezykowa-dla-firm\/"},"author":{"name":"admin","@id":"https:\/\/a-k-g.pl\/#\/schema\/person\/1e3d131b96329905be280fbadead938a"},"headline":"Szkolenia j\u0119zykowe dla firm","datePublished":"2020-05-26T16:00:42+00:00","dateModified":"2023-05-16T19:57:29+00:00","mainEntityOfPage":{"@id":"https:\/\/a-k-g.pl\/index.php\/2020\/05\/26\/szkolenia-jezykowa-dla-firm\/"},"wordCount":293,"publisher":{"@id":"https:\/\/a-k-g.pl\/#organization"},"keywords":["Szkolenia j\u0119zykowe dla firm"],"articleSection":["Posty na glowna"],"inLanguage":"pl-PL"},{"@type":"WebPage","@id":"https:\/\/a-k-g.pl\/index.php\/2020\/05\/26\/szkolenia-jezykowa-dla-firm\/","url":"https:\/\/a-k-g.pl\/index.php\/2020\/05\/26\/szkolenia-jezykowa-dla-firm\/","name":"Szkolenia j\u0119zykowe dla firm - Anna Kalkandzis-Gutteridge","isPartOf":{"@id":"https:\/\/a-k-g.pl\/#website"},"datePublished":"2020-05-26T16:00:42+00:00","dateModified":"2023-05-16T19:57:29+00:00","breadcrumb":{"@id":"https:\/\/a-k-g.pl\/index.php\/2020\/05\/26\/szkolenia-jezykowa-dla-firm\/#breadcrumb"},"inLanguage":"pl-PL","potentialAction":[{"@type":"ReadAction","target":["https:\/\/a-k-g.pl\/index.php\/2020\/05\/26\/szkolenia-jezykowa-dla-firm\/"]}]},{"@type":"BreadcrumbList","@id":"https:\/\/a-k-g.pl\/index.php\/2020\/05\/26\/szkolenia-jezykowa-dla-firm\/#breadcrumb","itemListElement":[{"@type":"ListItem","position":1,"name":"Home","item":"https:\/\/a-k-g.pl\/"},{"@type":"ListItem","position":2,"name":"Szkolenia j\u0119zykowe dla firm"}]},{"@type":"WebSite","@id":"https:\/\/a-k-g.pl\/#website","url":"https:\/\/a-k-g.pl\/","name":"Anna Kalkandzis-Gutteridge","description":"Neurolanguage Coach&reg;","publisher":{"@id":"https:\/\/a-k-g.pl\/#organization"},"potentialAction":[{"@type":"SearchAction","target":{"@type":"EntryPoint","urlTemplate":"https:\/\/a-k-g.pl\/?s={search_term_string}"},"query-input":"required name=search_term_string"}],"inLanguage":"pl-PL"},{"@type":"Organization","@id":"https:\/\/a-k-g.pl\/#organization","name":"Anna Kalkandzis-Gutteridge","url":"https:\/\/a-k-g.pl\/","logo":{"@type":"ImageObject","inLanguage":"pl-PL","@id":"https:\/\/a-k-g.pl\/#\/schema\/logo\/image\/","url":"https:\/\/i0.wp.com\/a-k-g.pl\/wp-content\/uploads\/2020\/09\/AKG-gold_logotype-www_neurolanguage.png?fit=1870%2C365&ssl=1","contentUrl":"https:\/\/i0.wp.com\/a-k-g.pl\/wp-content\/uploads\/2020\/09\/AKG-gold_logotype-www_neurolanguage.png?fit=1870%2C365&ssl=1","width":1870,"height":365,"caption":"Anna Kalkandzis-Gutteridge"},"image":{"@id":"https:\/\/a-k-g.pl\/#\/schema\/logo\/image\/"}},{"@type":"Person","@id":"https:\/\/a-k-g.pl\/#\/schema\/person\/1e3d131b96329905be280fbadead938a","name":"admin","image":{"@type":"ImageObject","inLanguage":"pl-PL","@id":"https:\/\/a-k-g.pl\/#\/schema\/person\/image\/","url":"https:\/\/secure.gravatar.com\/avatar\/5310725aca31b2a426ef5dd06e76db9e?s=96&d=mm&r=g","contentUrl":"https:\/\/secure.gravatar.com\/avatar\/5310725aca31b2a426ef5dd06e76db9e?s=96&d=mm&r=g","caption":"admin"},"url":"https:\/\/a-k-g.pl\/index.php\/author\/admin7280\/"}]}},"jetpack_featured_media_url":"https:\/\/i0.wp.com\/a-k-g.pl\/wp-content\/uploads\/2020\/05\/Szkolenia_jezykowe_dla_firm_scaled-scaled.jpg?fit=1920%2C771&ssl=1","_links":{"self":[{"href":"https:\/\/a-k-g.pl\/index.php\/wp-json\/wp\/v2\/posts\/78"}],"collection":[{"href":"https:\/\/a-k-g.pl\/index.php\/wp-json\/wp\/v2\/posts"}],"about":[{"href":"https:\/\/a-k-g.pl\/index.php\/wp-json\/wp\/v2\/types\/post"}],"author":[{"embeddable":true,"href":"https:\/\/a-k-g.pl\/index.php\/wp-json\/wp\/v2\/users\/1"}],"replies":[{"embeddable":true,"href":"https:\/\/a-k-g.pl\/index.php\/wp-json\/wp\/v2\/comments?post=78"}],"version-history":[{"count":21,"href":"https:\/\/a-k-g.pl\/index.php\/wp-json\/wp\/v2\/posts\/78\/revisions"}],"predecessor-version":[{"id":2466,"href":"https:\/\/a-k-g.pl\/index.php\/wp-json\/wp\/v2\/posts\/78\/revisions\/2466"}],"wp:featuredmedia":[{"embeddable":true,"href":"https:\/\/a-k-g.pl\/index.php\/wp-json\/wp\/v2\/media\/1630"}],"wp:attachment":[{"href":"https:\/\/a-k-g.pl\/index.php\/wp-json\/wp\/v2\/media?parent=78"}],"wp:term":[{"taxonomy":"category","embeddable":true,"href":"https:\/\/a-k-g.pl\/index.php\/wp-json\/wp\/v2\/categories?post=78"},{"taxonomy":"post_tag","embeddable":true,"href":"https:\/\/a-k-g.pl\/index.php\/wp-json\/wp\/v2\/tags?post=78"}],"curies":[{"name":"wp","href":"https:\/\/api.w.org\/{rel}","templated":true}]}}