{"id":1534,"date":"2020-05-26T16:20:17","date_gmt":"2020-05-26T14:20:17","guid":{"rendered":"http:\/\/a-k-g.pl\/?p=1534"},"modified":"2022-04-24T13:24:10","modified_gmt":"2022-04-24T11:24:10","slug":"zmieniam-branze-musze-opanowac-nowe-slownictwo-specjalistyczne","status":"publish","type":"post","link":"https:\/\/a-k-g.pl\/index.php\/2020\/05\/26\/zmieniam-branze-musze-opanowac-nowe-slownictwo-specjalistyczne\/","title":{"rendered":"Zmieniam bran\u017c\u0119, musz\u0119 opanowa\u0107 nowe s\u0142ownictwo specjalistyczne"},"content":{"rendered":"\n<div class=\"wp-block-image\"><figure class=\"alignright size-large is-resized\"><img decoding=\"async\" src=\"https:\/\/i0.wp.com\/a-k-g.pl\/wp-content\/uploads\/2022\/04\/zmieniam_branze_small.jpg?resize=525%2C426&#038;ssl=1\" alt=\"\" class=\"wp-image-1529\" width=\"525\" height=\"426\" data-recalc-dims=\"1\" \/><\/figure><\/div>\n\n\n<p class=\"dropcap dropcap-colorful\">Zapraszam Ci\u0119 na kurs specjalistyczny, na kt\u00f3rym skoncentrujemy si\u0119 na s\u0142ownictwie, kt\u00f3rego b\u0119dziesz teraz potrzebowa\u0142. Stworz\u0119 ten kurs indywidualnie dla Ciebie g\u0142\u00f3wnie na podstawie materia\u0142\u00f3w autentycznych. Oczywi\u015bcie kurs nie b\u0119dzie dotyczy\u0142 wy\u0142\u0105cznie s\u0142ownictwa. Mocno wierz\u0119 w to, \u017ce nale\u017cy rozwija\u0107 wszystkie obszary i kompetencje j\u0119zykowe, dlatego zaproponuj\u0119 Ci r\u00f3\u017cne aktywno\u015bci i \u0107wiczenia, ale s\u0142ownictwo specjalistyczne pozostanie w centrum naszej uwagi, a Ty zadecydujesz, czym chcesz si\u0119 zaj\u0105\u0107 w pierwszej kolejno\u015bci.<\/p>\n<div class=\"wp-block-button\" style=\"text-align: center;\">\n<p><!-- Calendly link widget begin -->\n<link href=\"https:\/\/assets.calendly.com\/assets\/external\/widget.css\" rel=\"stylesheet\">\n<script src=\"https:\/\/assets.calendly.com\/assets\/external\/widget.js\" type=\"text\/javascript\"><\/script><br>\n<a class=\"wp-block-button__link\" href=\"\" onclick=\"Calendly.initPopupWidget({url: 'https:\/\/calendly.com\/kalkandzisgutteridge\/spotkanie-online?hide_gdpr_banner=1'});return false;\">UM\u00d3W SPOTKANIE ONLINE<\/a><br>\n<!-- Calendly link widget end --><\/p>\n<\/div>\n\n\n\n","protected":false},"excerpt":{"rendered":"<p>UM\u00d3W SPOTKANIE ONLINE<\/p>\n","protected":false},"author":1,"featured_media":1529,"comment_status":"closed","ping_status":"open","sticky":false,"template":"","format":"standard","meta":{"loftocean_post_format_gallery":"","loftocean_post_format_gallery_ids":"","loftocean_post_format_gallery_urls":"","loftocean_post_format_video_id":"","loftocean_post_format_video_url":"","loftocean_post_format_video_type":"","loftocean_post_format_video":"","loftocean_post_format_audio_type":"","loftocean_post_format_audio_url":"","loftocean_post_format_audio_id":"","loftocean_post_format_audio":"","loftocean-featured-post":"off","loftocean-like-count":61,"loftocean-view-count":2627,"loftocean-enable-content-navigation":"","loftocean-content-navigation-position":"","loftocean-content-navigation-heading":"h3","loftocean-content-navigation-label":"[\"Things to do\",\"Where to eat\",\"Comfortable Hotels\",\"Transportation\"]","loftocean-content-navigation-icon":"[\"md-heart\",\"md-restaurant\",\"md-bed\",\"ios-car\"]","loftocean-map-location":"","loftocean-map-latlng":"","loftocean-map-auto-latlng":"","eaven_single_post_hide_thumbnail":"","eaven_single_post_template":"fullwidth-overlay-header","eaven_single_post_sidebar":"","eaven_hide_before_page_content_ad":"","eaven_hide_after_page_content_ad":""},"categories":[52],"tags":[],"yoast_head":"<!-- This site is optimized with the Yoast SEO plugin v20.13 - https:\/\/yoast.com\/wordpress\/plugins\/seo\/ -->\n<title>Zmieniam bran\u017c\u0119, musz\u0119 opanowa\u0107 nowe s\u0142ownictwo specjalistyczne - Anna Kalkandzis-Gutteridge<\/title>\n<meta name=\"robots\" content=\"index, follow, max-snippet:-1, max-image-preview:large, max-video-preview:-1\" \/>\n<link rel=\"canonical\" href=\"https:\/\/a-k-g.pl\/index.php\/2020\/05\/26\/zmieniam-branze-musze-opanowac-nowe-slownictwo-specjalistyczne\/\" \/>\n<meta property=\"og:locale\" content=\"pl_PL\" \/>\n<meta property=\"og:type\" content=\"article\" \/>\n<meta property=\"og:title\" content=\"Zmieniam bran\u017c\u0119, musz\u0119 opanowa\u0107 nowe s\u0142ownictwo specjalistyczne - Anna Kalkandzis-Gutteridge\" \/>\n<meta property=\"og:description\" content=\"UM\u00d3W SPOTKANIE ONLINE\" \/>\n<meta property=\"og:url\" content=\"https:\/\/a-k-g.pl\/index.php\/2020\/05\/26\/zmieniam-branze-musze-opanowac-nowe-slownictwo-specjalistyczne\/\" \/>\n<meta property=\"og:site_name\" content=\"Anna Kalkandzis-Gutteridge\" \/>\n<meta property=\"article:published_time\" content=\"2020-05-26T14:20:17+00:00\" \/>\n<meta property=\"article:modified_time\" content=\"2022-04-24T11:24:10+00:00\" \/>\n<meta property=\"og:image\" content=\"https:\/\/a-k-g.pl\/wp-content\/uploads\/2020\/05\/zmieniam_branze_scaled-scaled.jpg\" \/>\n\t<meta property=\"og:image:width\" content=\"2560\" \/>\n\t<meta property=\"og:image:height\" content=\"2079\" \/>\n\t<meta property=\"og:image:type\" content=\"image\/jpeg\" \/>\n<meta name=\"author\" content=\"admin\" \/>\n<meta name=\"twitter:card\" content=\"summary_large_image\" \/>\n<meta name=\"twitter:label1\" content=\"Napisane przez\" \/>\n\t<meta name=\"twitter:data1\" content=\"admin\" \/>\n\t<meta name=\"twitter:label2\" content=\"Szacowany czas czytania\" \/>\n\t<meta name=\"twitter:data2\" content=\"1 minuta\" \/>\n<script type=\"application\/ld+json\" class=\"yoast-schema-graph\">{\"@context\":\"https:\/\/schema.org\",\"@graph\":[{\"@type\":\"Article\",\"@id\":\"https:\/\/a-k-g.pl\/index.php\/2020\/05\/26\/zmieniam-branze-musze-opanowac-nowe-slownictwo-specjalistyczne\/#article\",\"isPartOf\":{\"@id\":\"https:\/\/a-k-g.pl\/index.php\/2020\/05\/26\/zmieniam-branze-musze-opanowac-nowe-slownictwo-specjalistyczne\/\"},\"author\":{\"name\":\"admin\",\"@id\":\"https:\/\/a-k-g.pl\/#\/schema\/person\/1e3d131b96329905be280fbadead938a\"},\"headline\":\"Zmieniam bran\u017c\u0119, musz\u0119 opanowa\u0107 nowe s\u0142ownictwo specjalistyczne\",\"datePublished\":\"2020-05-26T14:20:17+00:00\",\"dateModified\":\"2022-04-24T11:24:10+00:00\",\"mainEntityOfPage\":{\"@id\":\"https:\/\/a-k-g.pl\/index.php\/2020\/05\/26\/zmieniam-branze-musze-opanowac-nowe-slownictwo-specjalistyczne\/\"},\"wordCount\":108,\"publisher\":{\"@id\":\"https:\/\/a-k-g.pl\/#organization\"},\"articleSection\":[\"W czym mog\u0119 Ci pom\u00f3c?\"],\"inLanguage\":\"pl-PL\"},{\"@type\":\"WebPage\",\"@id\":\"https:\/\/a-k-g.pl\/index.php\/2020\/05\/26\/zmieniam-branze-musze-opanowac-nowe-slownictwo-specjalistyczne\/\",\"url\":\"https:\/\/a-k-g.pl\/index.php\/2020\/05\/26\/zmieniam-branze-musze-opanowac-nowe-slownictwo-specjalistyczne\/\",\"name\":\"Zmieniam bran\u017c\u0119, musz\u0119 opanowa\u0107 nowe s\u0142ownictwo specjalistyczne - Anna Kalkandzis-Gutteridge\",\"isPartOf\":{\"@id\":\"https:\/\/a-k-g.pl\/#website\"},\"datePublished\":\"2020-05-26T14:20:17+00:00\",\"dateModified\":\"2022-04-24T11:24:10+00:00\",\"breadcrumb\":{\"@id\":\"https:\/\/a-k-g.pl\/index.php\/2020\/05\/26\/zmieniam-branze-musze-opanowac-nowe-slownictwo-specjalistyczne\/#breadcrumb\"},\"inLanguage\":\"pl-PL\",\"potentialAction\":[{\"@type\":\"ReadAction\",\"target\":[\"https:\/\/a-k-g.pl\/index.php\/2020\/05\/26\/zmieniam-branze-musze-opanowac-nowe-slownictwo-specjalistyczne\/\"]}]},{\"@type\":\"BreadcrumbList\",\"@id\":\"https:\/\/a-k-g.pl\/index.php\/2020\/05\/26\/zmieniam-branze-musze-opanowac-nowe-slownictwo-specjalistyczne\/#breadcrumb\",\"itemListElement\":[{\"@type\":\"ListItem\",\"position\":1,\"name\":\"Home\",\"item\":\"https:\/\/a-k-g.pl\/\"},{\"@type\":\"ListItem\",\"position\":2,\"name\":\"Zmieniam bran\u017c\u0119, musz\u0119 opanowa\u0107 nowe s\u0142ownictwo specjalistyczne\"}]},{\"@type\":\"WebSite\",\"@id\":\"https:\/\/a-k-g.pl\/#website\",\"url\":\"https:\/\/a-k-g.pl\/\",\"name\":\"Anna Kalkandzis-Gutteridge\",\"description\":\"Neurolanguage Coach&reg;\",\"publisher\":{\"@id\":\"https:\/\/a-k-g.pl\/#organization\"},\"potentialAction\":[{\"@type\":\"SearchAction\",\"target\":{\"@type\":\"EntryPoint\",\"urlTemplate\":\"https:\/\/a-k-g.pl\/?s={search_term_string}\"},\"query-input\":\"required name=search_term_string\"}],\"inLanguage\":\"pl-PL\"},{\"@type\":\"Organization\",\"@id\":\"https:\/\/a-k-g.pl\/#organization\",\"name\":\"Anna Kalkandzis-Gutteridge\",\"url\":\"https:\/\/a-k-g.pl\/\",\"logo\":{\"@type\":\"ImageObject\",\"inLanguage\":\"pl-PL\",\"@id\":\"https:\/\/a-k-g.pl\/#\/schema\/logo\/image\/\",\"url\":\"https:\/\/i0.wp.com\/a-k-g.pl\/wp-content\/uploads\/2020\/09\/AKG-gold_logotype-www_neurolanguage.png?fit=1870%2C365&ssl=1\",\"contentUrl\":\"https:\/\/i0.wp.com\/a-k-g.pl\/wp-content\/uploads\/2020\/09\/AKG-gold_logotype-www_neurolanguage.png?fit=1870%2C365&ssl=1\",\"width\":1870,\"height\":365,\"caption\":\"Anna Kalkandzis-Gutteridge\"},\"image\":{\"@id\":\"https:\/\/a-k-g.pl\/#\/schema\/logo\/image\/\"}},{\"@type\":\"Person\",\"@id\":\"https:\/\/a-k-g.pl\/#\/schema\/person\/1e3d131b96329905be280fbadead938a\",\"name\":\"admin\",\"image\":{\"@type\":\"ImageObject\",\"inLanguage\":\"pl-PL\",\"@id\":\"https:\/\/a-k-g.pl\/#\/schema\/person\/image\/\",\"url\":\"https:\/\/secure.gravatar.com\/avatar\/5310725aca31b2a426ef5dd06e76db9e?s=96&d=mm&r=g\",\"contentUrl\":\"https:\/\/secure.gravatar.com\/avatar\/5310725aca31b2a426ef5dd06e76db9e?s=96&d=mm&r=g\",\"caption\":\"admin\"},\"url\":\"https:\/\/a-k-g.pl\/index.php\/author\/admin7280\/\"}]}<\/script>\n<!-- \/ Yoast SEO plugin. -->","yoast_head_json":{"title":"Zmieniam bran\u017c\u0119, musz\u0119 opanowa\u0107 nowe s\u0142ownictwo specjalistyczne - Anna Kalkandzis-Gutteridge","robots":{"index":"index","follow":"follow","max-snippet":"max-snippet:-1","max-image-preview":"max-image-preview:large","max-video-preview":"max-video-preview:-1"},"canonical":"https:\/\/a-k-g.pl\/index.php\/2020\/05\/26\/zmieniam-branze-musze-opanowac-nowe-slownictwo-specjalistyczne\/","og_locale":"pl_PL","og_type":"article","og_title":"Zmieniam bran\u017c\u0119, musz\u0119 opanowa\u0107 nowe s\u0142ownictwo specjalistyczne - Anna Kalkandzis-Gutteridge","og_description":"UM\u00d3W SPOTKANIE ONLINE","og_url":"https:\/\/a-k-g.pl\/index.php\/2020\/05\/26\/zmieniam-branze-musze-opanowac-nowe-slownictwo-specjalistyczne\/","og_site_name":"Anna Kalkandzis-Gutteridge","article_published_time":"2020-05-26T14:20:17+00:00","article_modified_time":"2022-04-24T11:24:10+00:00","og_image":[{"width":2560,"height":2079,"url":"https:\/\/a-k-g.pl\/wp-content\/uploads\/2020\/05\/zmieniam_branze_scaled-scaled.jpg","type":"image\/jpeg"}],"author":"admin","twitter_card":"summary_large_image","twitter_misc":{"Napisane przez":"admin","Szacowany czas czytania":"1 minuta"},"schema":{"@context":"https:\/\/schema.org","@graph":[{"@type":"Article","@id":"https:\/\/a-k-g.pl\/index.php\/2020\/05\/26\/zmieniam-branze-musze-opanowac-nowe-slownictwo-specjalistyczne\/#article","isPartOf":{"@id":"https:\/\/a-k-g.pl\/index.php\/2020\/05\/26\/zmieniam-branze-musze-opanowac-nowe-slownictwo-specjalistyczne\/"},"author":{"name":"admin","@id":"https:\/\/a-k-g.pl\/#\/schema\/person\/1e3d131b96329905be280fbadead938a"},"headline":"Zmieniam bran\u017c\u0119, musz\u0119 opanowa\u0107 nowe s\u0142ownictwo specjalistyczne","datePublished":"2020-05-26T14:20:17+00:00","dateModified":"2022-04-24T11:24:10+00:00","mainEntityOfPage":{"@id":"https:\/\/a-k-g.pl\/index.php\/2020\/05\/26\/zmieniam-branze-musze-opanowac-nowe-slownictwo-specjalistyczne\/"},"wordCount":108,"publisher":{"@id":"https:\/\/a-k-g.pl\/#organization"},"articleSection":["W czym mog\u0119 Ci pom\u00f3c?"],"inLanguage":"pl-PL"},{"@type":"WebPage","@id":"https:\/\/a-k-g.pl\/index.php\/2020\/05\/26\/zmieniam-branze-musze-opanowac-nowe-slownictwo-specjalistyczne\/","url":"https:\/\/a-k-g.pl\/index.php\/2020\/05\/26\/zmieniam-branze-musze-opanowac-nowe-slownictwo-specjalistyczne\/","name":"Zmieniam bran\u017c\u0119, musz\u0119 opanowa\u0107 nowe s\u0142ownictwo specjalistyczne - Anna Kalkandzis-Gutteridge","isPartOf":{"@id":"https:\/\/a-k-g.pl\/#website"},"datePublished":"2020-05-26T14:20:17+00:00","dateModified":"2022-04-24T11:24:10+00:00","breadcrumb":{"@id":"https:\/\/a-k-g.pl\/index.php\/2020\/05\/26\/zmieniam-branze-musze-opanowac-nowe-slownictwo-specjalistyczne\/#breadcrumb"},"inLanguage":"pl-PL","potentialAction":[{"@type":"ReadAction","target":["https:\/\/a-k-g.pl\/index.php\/2020\/05\/26\/zmieniam-branze-musze-opanowac-nowe-slownictwo-specjalistyczne\/"]}]},{"@type":"BreadcrumbList","@id":"https:\/\/a-k-g.pl\/index.php\/2020\/05\/26\/zmieniam-branze-musze-opanowac-nowe-slownictwo-specjalistyczne\/#breadcrumb","itemListElement":[{"@type":"ListItem","position":1,"name":"Home","item":"https:\/\/a-k-g.pl\/"},{"@type":"ListItem","position":2,"name":"Zmieniam bran\u017c\u0119, musz\u0119 opanowa\u0107 nowe s\u0142ownictwo specjalistyczne"}]},{"@type":"WebSite","@id":"https:\/\/a-k-g.pl\/#website","url":"https:\/\/a-k-g.pl\/","name":"Anna Kalkandzis-Gutteridge","description":"Neurolanguage Coach&reg;","publisher":{"@id":"https:\/\/a-k-g.pl\/#organization"},"potentialAction":[{"@type":"SearchAction","target":{"@type":"EntryPoint","urlTemplate":"https:\/\/a-k-g.pl\/?s={search_term_string}"},"query-input":"required name=search_term_string"}],"inLanguage":"pl-PL"},{"@type":"Organization","@id":"https:\/\/a-k-g.pl\/#organization","name":"Anna Kalkandzis-Gutteridge","url":"https:\/\/a-k-g.pl\/","logo":{"@type":"ImageObject","inLanguage":"pl-PL","@id":"https:\/\/a-k-g.pl\/#\/schema\/logo\/image\/","url":"https:\/\/i0.wp.com\/a-k-g.pl\/wp-content\/uploads\/2020\/09\/AKG-gold_logotype-www_neurolanguage.png?fit=1870%2C365&ssl=1","contentUrl":"https:\/\/i0.wp.com\/a-k-g.pl\/wp-content\/uploads\/2020\/09\/AKG-gold_logotype-www_neurolanguage.png?fit=1870%2C365&ssl=1","width":1870,"height":365,"caption":"Anna Kalkandzis-Gutteridge"},"image":{"@id":"https:\/\/a-k-g.pl\/#\/schema\/logo\/image\/"}},{"@type":"Person","@id":"https:\/\/a-k-g.pl\/#\/schema\/person\/1e3d131b96329905be280fbadead938a","name":"admin","image":{"@type":"ImageObject","inLanguage":"pl-PL","@id":"https:\/\/a-k-g.pl\/#\/schema\/person\/image\/","url":"https:\/\/secure.gravatar.com\/avatar\/5310725aca31b2a426ef5dd06e76db9e?s=96&d=mm&r=g","contentUrl":"https:\/\/secure.gravatar.com\/avatar\/5310725aca31b2a426ef5dd06e76db9e?s=96&d=mm&r=g","caption":"admin"},"url":"https:\/\/a-k-g.pl\/index.php\/author\/admin7280\/"}]}},"jetpack_featured_media_url":"https:\/\/i0.wp.com\/a-k-g.pl\/wp-content\/uploads\/2020\/05\/zmieniam_branze_scaled-scaled.jpg?fit=1920%2C1559&ssl=1","_links":{"self":[{"href":"https:\/\/a-k-g.pl\/index.php\/wp-json\/wp\/v2\/posts\/1534"}],"collection":[{"href":"https:\/\/a-k-g.pl\/index.php\/wp-json\/wp\/v2\/posts"}],"about":[{"href":"https:\/\/a-k-g.pl\/index.php\/wp-json\/wp\/v2\/types\/post"}],"author":[{"embeddable":true,"href":"https:\/\/a-k-g.pl\/index.php\/wp-json\/wp\/v2\/users\/1"}],"replies":[{"embeddable":true,"href":"https:\/\/a-k-g.pl\/index.php\/wp-json\/wp\/v2\/comments?post=1534"}],"version-history":[{"count":7,"href":"https:\/\/a-k-g.pl\/index.php\/wp-json\/wp\/v2\/posts\/1534\/revisions"}],"predecessor-version":[{"id":2273,"href":"https:\/\/a-k-g.pl\/index.php\/wp-json\/wp\/v2\/posts\/1534\/revisions\/2273"}],"wp:featuredmedia":[{"embeddable":true,"href":"https:\/\/a-k-g.pl\/index.php\/wp-json\/wp\/v2\/media\/1529"}],"wp:attachment":[{"href":"https:\/\/a-k-g.pl\/index.php\/wp-json\/wp\/v2\/media?parent=1534"}],"wp:term":[{"taxonomy":"category","embeddable":true,"href":"https:\/\/a-k-g.pl\/index.php\/wp-json\/wp\/v2\/categories?post=1534"},{"taxonomy":"post_tag","embeddable":true,"href":"https:\/\/a-k-g.pl\/index.php\/wp-json\/wp\/v2\/tags?post=1534"}],"curies":[{"name":"wp","href":"https:\/\/api.w.org\/{rel}","templated":true}]}}